{"id":2615,"date":"2024-05-27T14:53:58","date_gmt":"2024-05-27T14:53:58","guid":{"rendered":"https:\/\/rmelecom.com\/?p=2615"},"modified":"2025-01-29T11:28:26","modified_gmt":"2025-01-29T11:28:26","slug":"rm-electronics-en-el-congreso-sostenibilidad-greenpacto-impulsando-la-innovacion-y-el-dialogo-sobre-practicas-sostenibles","status":"publish","type":"post","link":"https:\/\/rmelecom.com\/en\/rm-electronics-en-el-congreso-sostenibilidad-greenpacto-impulsando-la-innovacion-y-el-dialogo-sobre-practicas-sostenibles\/","title":{"rendered":"RM Electronics en el Congreso Sostenibilidad Greenpacto, impulsando la innovaci\u00f3n y el di\u00e1logo sobre pr\u00e1cticas sostenibles"},"content":{"rendered":"<p>Este a\u00f1o, <a href=\"https:\/\/www.secartys.org\/es\/\">Secartys<\/a> ha organizado el Congreso Sostenibilidad <a href=\"https:\/\/www.greenpacto.com\/\">Greenpacto<\/a>, un evento dedicado a debatir y compartir herramientas e historias de \u00e9xito esenciales para avanzar en el \u00e1mbito de la sostenibilidad.<\/p>\n\n\n\n<p><br>En Greenpacto, en RMElectronics hemos tenido el privilegio de participar como oyentes en un evento donde la innovaci\u00f3n y la sostenibilidad han brillado con luz propia.<br><br>En este congreso han participado activamente expertos y ponentes que han aportado su experiencia y conocimiento para enriquecer el di\u00e1logo sobre c\u00f3mo las empresas pueden adaptarse y prosperar en un entorno cada vez m\u00e1s enfocado en la sostenibilidad.<br><br>Gracias a Secartys por organizarlo, hemos podido explorar y discutir soluciones innovadoras y pr\u00e1cticas que nos permitir\u00e1n navegar con \u00e9xito en este panorama sostenible. \u00a1Juntos, podemos marcar la diferencia! \ud83d\udc9a<\/p>","protected":false},"excerpt":{"rendered":"<p>Este a\u00f1o, Secartys ha organizado el Congreso Sostenibilidad Greenpacto, un evento dedicado a debatir y compartir herramientas e historias de \u00e9xito esenciales para avanzar en el \u00e1mbito de la sostenibilidad. En Greenpacto, en RMElectronics hemos tenido el privilegio de participar como oyentes en un evento donde la innovaci\u00f3n y la sostenibilidad han brillado con luz [&hellip;]<\/p>\n","protected":false},"author":1,"featured_media":2614,"comment_status":"closed","ping_status":"open","sticky":false,"template":"","format":"standard","meta":{"_monsterinsights_skip_tracking":false,"_monsterinsights_sitenote_active":false,"_monsterinsights_sitenote_note":"","_monsterinsights_sitenote_category":0,"_joinchat":[],"footnotes":""},"categories":[14],"tags":[],"class_list":["post-2615","post","type-post","status-publish","format-standard","has-post-thumbnail","hentry","category-presencia"],"yoast_head":"<!-- This site is optimized with the Yoast SEO Premium plugin v22.2 (Yoast SEO v27.4) - https:\/\/yoast.com\/product\/yoast-seo-premium-wordpress\/ -->\n<title>RM Electronics en el Congreso Sostenibilidad Greenpacto, impulsando la innovaci\u00f3n y el di\u00e1logo sobre pr\u00e1cticas sostenibles - RM Electronics Components<\/title>\n<meta name=\"description\" content=\"Este a\u00f1o, Secartys ha organizado el Congreso Sostenibilidad Greenpacto, un evento dedicado a debatir y compartir herramientas e historias de \u00e9xito esenciales para avanzar en el \u00e1mbito de la sostenibilidad.\" \/>\n<meta name=\"robots\" content=\"index, follow, max-snippet:-1, max-image-preview:large, max-video-preview:-1\" \/>\n<link rel=\"canonical\" href=\"https:\/\/rmelecom.com\/en\/rm-electronics-en-el-congreso-sostenibilidad-greenpacto-impulsando-la-innovacion-y-el-dialogo-sobre-practicas-sostenibles\/\" \/>\n<meta property=\"og:locale\" content=\"en_GB\" \/>\n<meta property=\"og:type\" content=\"article\" \/>\n<meta property=\"og:title\" content=\"RM Electronics en el Congreso Sostenibilidad Greenpacto, impulsando la innovaci\u00f3n y el di\u00e1logo sobre pr\u00e1cticas sostenibles\" \/>\n<meta property=\"og:description\" content=\"Este a\u00f1o, Secartys ha organizado el Congreso Sostenibilidad Greenpacto, un evento dedicado a debatir y compartir herramientas e historias de \u00e9xito esenciales para avanzar en el \u00e1mbito de la sostenibilidad.\" \/>\n<meta property=\"og:url\" content=\"https:\/\/rmelecom.com\/en\/rm-electronics-en-el-congreso-sostenibilidad-greenpacto-impulsando-la-innovacion-y-el-dialogo-sobre-practicas-sostenibles\/\" \/>\n<meta property=\"og:site_name\" content=\"RM Electronics Components\" \/>\n<meta property=\"article:publisher\" content=\"https:\/\/www.facebook.com\/profile.php?id=100090814748201\" \/>\n<meta property=\"article:published_time\" content=\"2024-05-27T14:53:58+00:00\" \/>\n<meta property=\"article:modified_time\" content=\"2025-01-29T11:28:26+00:00\" \/>\n<meta property=\"og:image\" content=\"https:\/\/rmelecom.com\/wp-content\/uploads\/2024\/05\/IMG_2900-scaled.jpeg\" \/>\n\t<meta property=\"og:image:width\" content=\"1920\" \/>\n\t<meta property=\"og:image:height\" content=\"2560\" \/>\n\t<meta property=\"og:image:type\" content=\"image\/jpeg\" \/>\n<meta name=\"author\" content=\"RM-3leCC\" \/>\n<meta name=\"twitter:card\" content=\"summary_large_image\" \/>\n<meta name=\"twitter:label1\" content=\"Written by\" \/>\n\t<meta name=\"twitter:data1\" content=\"RM-3leCC\" \/>\n\t<meta name=\"twitter:label2\" content=\"Est. reading time\" \/>\n\t<meta name=\"twitter:data2\" content=\"1 minute\" \/>\n<script type=\"application\/ld+json\" class=\"yoast-schema-graph\">{\"@context\":\"https:\\\/\\\/schema.org\",\"@graph\":[{\"@type\":\"Article\",\"@id\":\"https:\\\/\\\/rmelecom.com\\\/rm-electronics-en-el-congreso-sostenibilidad-greenpacto-impulsando-la-innovacion-y-el-dialogo-sobre-practicas-sostenibles\\\/#article\",\"isPartOf\":{\"@id\":\"https:\\\/\\\/rmelecom.com\\\/rm-electronics-en-el-congreso-sostenibilidad-greenpacto-impulsando-la-innovacion-y-el-dialogo-sobre-practicas-sostenibles\\\/\"},\"author\":{\"name\":\"RM-3leCC\",\"@id\":\"https:\\\/\\\/rmelecom.com\\\/#\\\/schema\\\/person\\\/82e6bca7d501f9a839182bad716ea744\"},\"headline\":\"RM Electronics en el Congreso Sostenibilidad Greenpacto, impulsando la innovaci\u00f3n y el di\u00e1logo sobre pr\u00e1cticas sostenibles\",\"datePublished\":\"2024-05-27T14:53:58+00:00\",\"dateModified\":\"2025-01-29T11:28:26+00:00\",\"mainEntityOfPage\":{\"@id\":\"https:\\\/\\\/rmelecom.com\\\/rm-electronics-en-el-congreso-sostenibilidad-greenpacto-impulsando-la-innovacion-y-el-dialogo-sobre-practicas-sostenibles\\\/\"},\"wordCount\":149,\"publisher\":{\"@id\":\"https:\\\/\\\/rmelecom.com\\\/#organization\"},\"image\":{\"@id\":\"https:\\\/\\\/rmelecom.com\\\/rm-electronics-en-el-congreso-sostenibilidad-greenpacto-impulsando-la-innovacion-y-el-dialogo-sobre-practicas-sostenibles\\\/#primaryimage\"},\"thumbnailUrl\":\"https:\\\/\\\/rmelecom.com\\\/wp-content\\\/uploads\\\/2024\\\/05\\\/IMG_2900-scaled.jpeg\",\"articleSection\":[\"PRESENCIA\"],\"inLanguage\":\"en-GB\"},{\"@type\":\"WebPage\",\"@id\":\"https:\\\/\\\/rmelecom.com\\\/rm-electronics-en-el-congreso-sostenibilidad-greenpacto-impulsando-la-innovacion-y-el-dialogo-sobre-practicas-sostenibles\\\/\",\"url\":\"https:\\\/\\\/rmelecom.com\\\/rm-electronics-en-el-congreso-sostenibilidad-greenpacto-impulsando-la-innovacion-y-el-dialogo-sobre-practicas-sostenibles\\\/\",\"name\":\"RM Electronics en el Congreso Sostenibilidad Greenpacto, impulsando la innovaci\u00f3n y el di\u00e1logo sobre pr\u00e1cticas sostenibles - RM Electronics Components\",\"isPartOf\":{\"@id\":\"https:\\\/\\\/rmelecom.com\\\/#website\"},\"primaryImageOfPage\":{\"@id\":\"https:\\\/\\\/rmelecom.com\\\/rm-electronics-en-el-congreso-sostenibilidad-greenpacto-impulsando-la-innovacion-y-el-dialogo-sobre-practicas-sostenibles\\\/#primaryimage\"},\"image\":{\"@id\":\"https:\\\/\\\/rmelecom.com\\\/rm-electronics-en-el-congreso-sostenibilidad-greenpacto-impulsando-la-innovacion-y-el-dialogo-sobre-practicas-sostenibles\\\/#primaryimage\"},\"thumbnailUrl\":\"https:\\\/\\\/rmelecom.com\\\/wp-content\\\/uploads\\\/2024\\\/05\\\/IMG_2900-scaled.jpeg\",\"datePublished\":\"2024-05-27T14:53:58+00:00\",\"dateModified\":\"2025-01-29T11:28:26+00:00\",\"description\":\"Este a\u00f1o, Secartys ha organizado el Congreso Sostenibilidad Greenpacto, un evento dedicado a debatir y compartir herramientas e historias de \u00e9xito esenciales para avanzar en el \u00e1mbito de la sostenibilidad.\",\"breadcrumb\":{\"@id\":\"https:\\\/\\\/rmelecom.com\\\/rm-electronics-en-el-congreso-sostenibilidad-greenpacto-impulsando-la-innovacion-y-el-dialogo-sobre-practicas-sostenibles\\\/#breadcrumb\"},\"inLanguage\":\"en-GB\",\"potentialAction\":[{\"@type\":\"ReadAction\",\"target\":[\"https:\\\/\\\/rmelecom.com\\\/rm-electronics-en-el-congreso-sostenibilidad-greenpacto-impulsando-la-innovacion-y-el-dialogo-sobre-practicas-sostenibles\\\/\"]}]},{\"@type\":\"ImageObject\",\"inLanguage\":\"en-GB\",\"@id\":\"https:\\\/\\\/rmelecom.com\\\/rm-electronics-en-el-congreso-sostenibilidad-greenpacto-impulsando-la-innovacion-y-el-dialogo-sobre-practicas-sostenibles\\\/#primaryimage\",\"url\":\"https:\\\/\\\/rmelecom.com\\\/wp-content\\\/uploads\\\/2024\\\/05\\\/IMG_2900-scaled.jpeg\",\"contentUrl\":\"https:\\\/\\\/rmelecom.com\\\/wp-content\\\/uploads\\\/2024\\\/05\\\/IMG_2900-scaled.jpeg\",\"width\":1920,\"height\":2560},{\"@type\":\"BreadcrumbList\",\"@id\":\"https:\\\/\\\/rmelecom.com\\\/rm-electronics-en-el-congreso-sostenibilidad-greenpacto-impulsando-la-innovacion-y-el-dialogo-sobre-practicas-sostenibles\\\/#breadcrumb\",\"itemListElement\":[{\"@type\":\"ListItem\",\"position\":1,\"name\":\"Portada\",\"item\":\"https:\\\/\\\/rmelecom.com\\\/\"},{\"@type\":\"ListItem\",\"position\":2,\"name\":\"RM Electronics en el Congreso Sostenibilidad Greenpacto, impulsando la innovaci\u00f3n y el di\u00e1logo sobre pr\u00e1cticas sostenibles\"}]},{\"@type\":\"WebSite\",\"@id\":\"https:\\\/\\\/rmelecom.com\\\/#website\",\"url\":\"https:\\\/\\\/rmelecom.com\\\/\",\"name\":\"RM Electronics Components\",\"description\":\"Soluciones en pilas, bater\u00edas y componentes electromec\u00e1nicos.\",\"publisher\":{\"@id\":\"https:\\\/\\\/rmelecom.com\\\/#organization\"},\"potentialAction\":[{\"@type\":\"SearchAction\",\"target\":{\"@type\":\"EntryPoint\",\"urlTemplate\":\"https:\\\/\\\/rmelecom.com\\\/?s={search_term_string}\"},\"query-input\":{\"@type\":\"PropertyValueSpecification\",\"valueRequired\":true,\"valueName\":\"search_term_string\"}}],\"inLanguage\":\"en-GB\"},{\"@type\":\"Organization\",\"@id\":\"https:\\\/\\\/rmelecom.com\\\/#organization\",\"name\":\"RM Electronics Components\",\"url\":\"https:\\\/\\\/rmelecom.com\\\/\",\"logo\":{\"@type\":\"ImageObject\",\"inLanguage\":\"en-GB\",\"@id\":\"https:\\\/\\\/rmelecom.com\\\/#\\\/schema\\\/logo\\\/image\\\/\",\"url\":\"https:\\\/\\\/rmelecom.com\\\/wp-content\\\/uploads\\\/2022\\\/10\\\/Mesa-de-trabajo-1.png\",\"contentUrl\":\"https:\\\/\\\/rmelecom.com\\\/wp-content\\\/uploads\\\/2022\\\/10\\\/Mesa-de-trabajo-1.png\",\"width\":1080,\"height\":1080,\"caption\":\"RM Electronics Components\"},\"image\":{\"@id\":\"https:\\\/\\\/rmelecom.com\\\/#\\\/schema\\\/logo\\\/image\\\/\"},\"sameAs\":[\"https:\\\/\\\/www.facebook.com\\\/profile.php?id=100090814748201\"]},{\"@type\":\"Person\",\"@id\":\"https:\\\/\\\/rmelecom.com\\\/#\\\/schema\\\/person\\\/82e6bca7d501f9a839182bad716ea744\",\"name\":\"RM-3leCC\",\"image\":{\"@type\":\"ImageObject\",\"inLanguage\":\"en-GB\",\"@id\":\"https:\\\/\\\/secure.gravatar.com\\\/avatar\\\/ef0d3c0dd4967469f348b72ec0c48fe5584ba3e095e2ab1484fff2e706339892?s=96&d=mm&r=g\",\"url\":\"https:\\\/\\\/secure.gravatar.com\\\/avatar\\\/ef0d3c0dd4967469f348b72ec0c48fe5584ba3e095e2ab1484fff2e706339892?s=96&d=mm&r=g\",\"contentUrl\":\"https:\\\/\\\/secure.gravatar.com\\\/avatar\\\/ef0d3c0dd4967469f348b72ec0c48fe5584ba3e095e2ab1484fff2e706339892?s=96&d=mm&r=g\",\"caption\":\"RM-3leCC\"},\"sameAs\":[\"http:\\\/\\\/rmelecom.com\"],\"url\":\"https:\\\/\\\/rmelecom.com\\\/en\\\/author\\\/rm-3lecc\\\/\"}]}<\/script>\n<!-- \/ Yoast SEO Premium plugin. -->","yoast_head_json":{"title":"RM Electronics en el Congreso Sostenibilidad Greenpacto, impulsando la innovaci\u00f3n y el di\u00e1logo sobre pr\u00e1cticas sostenibles - RM Electronics Components","description":"Este a\u00f1o, Secartys ha organizado el Congreso Sostenibilidad Greenpacto, un evento dedicado a debatir y compartir herramientas e historias de \u00e9xito esenciales para avanzar en el \u00e1mbito de la sostenibilidad.","robots":{"index":"index","follow":"follow","max-snippet":"max-snippet:-1","max-image-preview":"max-image-preview:large","max-video-preview":"max-video-preview:-1"},"canonical":"https:\/\/rmelecom.com\/en\/rm-electronics-en-el-congreso-sostenibilidad-greenpacto-impulsando-la-innovacion-y-el-dialogo-sobre-practicas-sostenibles\/","og_locale":"en_GB","og_type":"article","og_title":"RM Electronics en el Congreso Sostenibilidad Greenpacto, impulsando la innovaci\u00f3n y el di\u00e1logo sobre pr\u00e1cticas sostenibles","og_description":"Este a\u00f1o, Secartys ha organizado el Congreso Sostenibilidad Greenpacto, un evento dedicado a debatir y compartir herramientas e historias de \u00e9xito esenciales para avanzar en el \u00e1mbito de la sostenibilidad.","og_url":"https:\/\/rmelecom.com\/en\/rm-electronics-en-el-congreso-sostenibilidad-greenpacto-impulsando-la-innovacion-y-el-dialogo-sobre-practicas-sostenibles\/","og_site_name":"RM Electronics Components","article_publisher":"https:\/\/www.facebook.com\/profile.php?id=100090814748201","article_published_time":"2024-05-27T14:53:58+00:00","article_modified_time":"2025-01-29T11:28:26+00:00","og_image":[{"width":1920,"height":2560,"url":"https:\/\/rmelecom.com\/wp-content\/uploads\/2024\/05\/IMG_2900-scaled.jpeg","type":"image\/jpeg"}],"author":"RM-3leCC","twitter_card":"summary_large_image","twitter_misc":{"Written by":"RM-3leCC","Est. reading time":"1 minute"},"schema":{"@context":"https:\/\/schema.org","@graph":[{"@type":"Article","@id":"https:\/\/rmelecom.com\/rm-electronics-en-el-congreso-sostenibilidad-greenpacto-impulsando-la-innovacion-y-el-dialogo-sobre-practicas-sostenibles\/#article","isPartOf":{"@id":"https:\/\/rmelecom.com\/rm-electronics-en-el-congreso-sostenibilidad-greenpacto-impulsando-la-innovacion-y-el-dialogo-sobre-practicas-sostenibles\/"},"author":{"name":"RM-3leCC","@id":"https:\/\/rmelecom.com\/#\/schema\/person\/82e6bca7d501f9a839182bad716ea744"},"headline":"RM Electronics en el Congreso Sostenibilidad Greenpacto, impulsando la innovaci\u00f3n y el di\u00e1logo sobre pr\u00e1cticas sostenibles","datePublished":"2024-05-27T14:53:58+00:00","dateModified":"2025-01-29T11:28:26+00:00","mainEntityOfPage":{"@id":"https:\/\/rmelecom.com\/rm-electronics-en-el-congreso-sostenibilidad-greenpacto-impulsando-la-innovacion-y-el-dialogo-sobre-practicas-sostenibles\/"},"wordCount":149,"publisher":{"@id":"https:\/\/rmelecom.com\/#organization"},"image":{"@id":"https:\/\/rmelecom.com\/rm-electronics-en-el-congreso-sostenibilidad-greenpacto-impulsando-la-innovacion-y-el-dialogo-sobre-practicas-sostenibles\/#primaryimage"},"thumbnailUrl":"https:\/\/rmelecom.com\/wp-content\/uploads\/2024\/05\/IMG_2900-scaled.jpeg","articleSection":["PRESENCIA"],"inLanguage":"en-GB"},{"@type":"WebPage","@id":"https:\/\/rmelecom.com\/rm-electronics-en-el-congreso-sostenibilidad-greenpacto-impulsando-la-innovacion-y-el-dialogo-sobre-practicas-sostenibles\/","url":"https:\/\/rmelecom.com\/rm-electronics-en-el-congreso-sostenibilidad-greenpacto-impulsando-la-innovacion-y-el-dialogo-sobre-practicas-sostenibles\/","name":"RM Electronics en el Congreso Sostenibilidad Greenpacto, impulsando la innovaci\u00f3n y el di\u00e1logo sobre pr\u00e1cticas sostenibles - RM Electronics Components","isPartOf":{"@id":"https:\/\/rmelecom.com\/#website"},"primaryImageOfPage":{"@id":"https:\/\/rmelecom.com\/rm-electronics-en-el-congreso-sostenibilidad-greenpacto-impulsando-la-innovacion-y-el-dialogo-sobre-practicas-sostenibles\/#primaryimage"},"image":{"@id":"https:\/\/rmelecom.com\/rm-electronics-en-el-congreso-sostenibilidad-greenpacto-impulsando-la-innovacion-y-el-dialogo-sobre-practicas-sostenibles\/#primaryimage"},"thumbnailUrl":"https:\/\/rmelecom.com\/wp-content\/uploads\/2024\/05\/IMG_2900-scaled.jpeg","datePublished":"2024-05-27T14:53:58+00:00","dateModified":"2025-01-29T11:28:26+00:00","description":"Este a\u00f1o, Secartys ha organizado el Congreso Sostenibilidad Greenpacto, un evento dedicado a debatir y compartir herramientas e historias de \u00e9xito esenciales para avanzar en el \u00e1mbito de la sostenibilidad.","breadcrumb":{"@id":"https:\/\/rmelecom.com\/rm-electronics-en-el-congreso-sostenibilidad-greenpacto-impulsando-la-innovacion-y-el-dialogo-sobre-practicas-sostenibles\/#breadcrumb"},"inLanguage":"en-GB","potentialAction":[{"@type":"ReadAction","target":["https:\/\/rmelecom.com\/rm-electronics-en-el-congreso-sostenibilidad-greenpacto-impulsando-la-innovacion-y-el-dialogo-sobre-practicas-sostenibles\/"]}]},{"@type":"ImageObject","inLanguage":"en-GB","@id":"https:\/\/rmelecom.com\/rm-electronics-en-el-congreso-sostenibilidad-greenpacto-impulsando-la-innovacion-y-el-dialogo-sobre-practicas-sostenibles\/#primaryimage","url":"https:\/\/rmelecom.com\/wp-content\/uploads\/2024\/05\/IMG_2900-scaled.jpeg","contentUrl":"https:\/\/rmelecom.com\/wp-content\/uploads\/2024\/05\/IMG_2900-scaled.jpeg","width":1920,"height":2560},{"@type":"BreadcrumbList","@id":"https:\/\/rmelecom.com\/rm-electronics-en-el-congreso-sostenibilidad-greenpacto-impulsando-la-innovacion-y-el-dialogo-sobre-practicas-sostenibles\/#breadcrumb","itemListElement":[{"@type":"ListItem","position":1,"name":"Portada","item":"https:\/\/rmelecom.com\/"},{"@type":"ListItem","position":2,"name":"RM Electronics en el Congreso Sostenibilidad Greenpacto, impulsando la innovaci\u00f3n y el di\u00e1logo sobre pr\u00e1cticas sostenibles"}]},{"@type":"WebSite","@id":"https:\/\/rmelecom.com\/#website","url":"https:\/\/rmelecom.com\/","name":"RM Electronics Components","description":"Soluciones en pilas, bater\u00edas y componentes electromec\u00e1nicos.","publisher":{"@id":"https:\/\/rmelecom.com\/#organization"},"potentialAction":[{"@type":"SearchAction","target":{"@type":"EntryPoint","urlTemplate":"https:\/\/rmelecom.com\/?s={search_term_string}"},"query-input":{"@type":"PropertyValueSpecification","valueRequired":true,"valueName":"search_term_string"}}],"inLanguage":"en-GB"},{"@type":"Organization","@id":"https:\/\/rmelecom.com\/#organization","name":"RM Electronics Components","url":"https:\/\/rmelecom.com\/","logo":{"@type":"ImageObject","inLanguage":"en-GB","@id":"https:\/\/rmelecom.com\/#\/schema\/logo\/image\/","url":"https:\/\/rmelecom.com\/wp-content\/uploads\/2022\/10\/Mesa-de-trabajo-1.png","contentUrl":"https:\/\/rmelecom.com\/wp-content\/uploads\/2022\/10\/Mesa-de-trabajo-1.png","width":1080,"height":1080,"caption":"RM Electronics Components"},"image":{"@id":"https:\/\/rmelecom.com\/#\/schema\/logo\/image\/"},"sameAs":["https:\/\/www.facebook.com\/profile.php?id=100090814748201"]},{"@type":"Person","@id":"https:\/\/rmelecom.com\/#\/schema\/person\/82e6bca7d501f9a839182bad716ea744","name":"RM-3leCC","image":{"@type":"ImageObject","inLanguage":"en-GB","@id":"https:\/\/secure.gravatar.com\/avatar\/ef0d3c0dd4967469f348b72ec0c48fe5584ba3e095e2ab1484fff2e706339892?s=96&d=mm&r=g","url":"https:\/\/secure.gravatar.com\/avatar\/ef0d3c0dd4967469f348b72ec0c48fe5584ba3e095e2ab1484fff2e706339892?s=96&d=mm&r=g","contentUrl":"https:\/\/secure.gravatar.com\/avatar\/ef0d3c0dd4967469f348b72ec0c48fe5584ba3e095e2ab1484fff2e706339892?s=96&d=mm&r=g","caption":"RM-3leCC"},"sameAs":["http:\/\/rmelecom.com"],"url":"https:\/\/rmelecom.com\/en\/author\/rm-3lecc\/"}]}},"_links":{"self":[{"href":"https:\/\/rmelecom.com\/en\/wp-json\/wp\/v2\/posts\/2615","targetHints":{"allow":["GET"]}}],"collection":[{"href":"https:\/\/rmelecom.com\/en\/wp-json\/wp\/v2\/posts"}],"about":[{"href":"https:\/\/rmelecom.com\/en\/wp-json\/wp\/v2\/types\/post"}],"author":[{"embeddable":true,"href":"https:\/\/rmelecom.com\/en\/wp-json\/wp\/v2\/users\/1"}],"replies":[{"embeddable":true,"href":"https:\/\/rmelecom.com\/en\/wp-json\/wp\/v2\/comments?post=2615"}],"version-history":[{"count":2,"href":"https:\/\/rmelecom.com\/en\/wp-json\/wp\/v2\/posts\/2615\/revisions"}],"predecessor-version":[{"id":2759,"href":"https:\/\/rmelecom.com\/en\/wp-json\/wp\/v2\/posts\/2615\/revisions\/2759"}],"wp:featuredmedia":[{"embeddable":true,"href":"https:\/\/rmelecom.com\/en\/wp-json\/wp\/v2\/media\/2614"}],"wp:attachment":[{"href":"https:\/\/rmelecom.com\/en\/wp-json\/wp\/v2\/media?parent=2615"}],"wp:term":[{"taxonomy":"category","embeddable":true,"href":"https:\/\/rmelecom.com\/en\/wp-json\/wp\/v2\/categories?post=2615"},{"taxonomy":"post_tag","embeddable":true,"href":"https:\/\/rmelecom.com\/en\/wp-json\/wp\/v2\/tags?post=2615"}],"curies":[{"name":"wp","href":"https:\/\/api.w.org\/{rel}","templated":true}]}}