{"id":2693,"date":"2024-10-31T10:57:06","date_gmt":"2024-10-31T10:57:06","guid":{"rendered":"https:\/\/rmelecom.com\/?p=2693"},"modified":"2025-01-28T09:18:35","modified_gmt":"2025-01-28T09:18:35","slug":"ven-a-vernos-a-matelec-2024","status":"publish","type":"post","link":"https:\/\/rmelecom.com\/en\/ven-a-vernos-a-matelec-2024\/","title":{"rendered":"Ven a vernos a MATELEC 2024"},"content":{"rendered":"<p>Queremos informaros que este a\u00f1o volveremos a estar por d\u00e9cima vez presentes en una de las ferias m\u00e1s importantes de Espa\u00f1a y referente en el sur de Europa para los sectores el\u00e9ctrico, electr\u00f3nico y de telecomunicaciones <a href=\"https:\/\/www.ifema.es\/matelec\">MATELEC 2024<\/a>\ud83d\udca1 \ud83d\udd0b \u26a1<br><br>Os invitamos a acompa\u00f1arnos del 5 al 8 de noviembre en IFEMA MADRID en el \ud835\ude00\ud835\ude01\ud835\uddee\ud835\uddfb\ud835\uddf1 \ud835\udff0\ud835\uddd5\ud835\udfec\ud835\udfee, \ud835\udde3\ud835\uddee\ud835\uddef\ud835\uddf2\ud835\uddf9\ud835\uddf9\ud835\uddfc\u0301\ud835\uddfb \ud835\udde3\ud835\udfec\ud835\udff0.<br><br>Si dese\u00e1is asistir disponemos de invitaciones para nuestros colaboradores, pueden solicitarse aqu\u00ed \u2b07\ufe0f<br><br><a href=\"https:\/\/lnkd.in\/dcvy2Bag\">https:\/\/lnkd.in\/dcvy2Bag<\/a><br><br>\u26a0\ufe0f Cada invitaci\u00f3n sirve para \u00fanicamente dos asistentes, si se necesitan m\u00e1s,\u00a0dejadnoslo saber y pondremos otra invitaci\u00f3n a vuestra disposici\u00f3n. \u26a0\ufe0f<br><br><br>\u00a1Os esperamos y estaremos encantados de recibiros!<br><br>Para cualquier consulta, estamos disponibles en nuestro tel\u00e9fono de atenci\u00f3n al cliente \ud83d\udcde +34 678 96 48 32 y en el email \ud83d\udce9 <a href=\"mailto:info@rmelecom.com\">info@rmelecom.com<\/a><\/p>\n\n\n\n<h1 class=\"wp-block-heading\" id=\"h-\"><\/h1>","protected":false},"excerpt":{"rendered":"<p>Queremos informaros que este a\u00f1o volveremos a estar por d\u00e9cima vez presentes en una de las ferias m\u00e1s importantes de Espa\u00f1a y referente en el sur de Europa para los sectores el\u00e9ctrico, electr\u00f3nico y de telecomunicaciones MATELEC 2024\ud83d\udca1 \ud83d\udd0b \u26a1 Os invitamos a acompa\u00f1arnos del 5 al 8 de noviembre en IFEMA MADRID en el [&hellip;]<\/p>\n","protected":false},"author":1,"featured_media":2694,"comment_status":"closed","ping_status":"open","sticky":false,"template":"","format":"standard","meta":{"_monsterinsights_skip_tracking":false,"_monsterinsights_sitenote_active":false,"_monsterinsights_sitenote_note":"","_monsterinsights_sitenote_category":0,"_joinchat":[],"footnotes":""},"categories":[20],"tags":[],"class_list":["post-2693","post","type-post","status-publish","format-standard","has-post-thumbnail","hentry","category-hitos"],"yoast_head":"<!-- This site is optimized with the Yoast SEO Premium plugin v22.2 (Yoast SEO v27.4) - https:\/\/yoast.com\/product\/yoast-seo-premium-wordpress\/ -->\n<title>Ven a vernos a MATELEC 2024 - RM Electronics Components<\/title>\n<meta name=\"description\" content=\"este a\u00f1o volveremos a estar por d\u00e9cima vez presentes en una de las ferias m\u00e1s importantes de Espa\u00f1a y referente en el sur de Europa para los sectores el\u00e9ctrico, electr\u00f3nico y de telecomunicaciones MATELEC 2024\" \/>\n<meta name=\"robots\" content=\"index, follow, max-snippet:-1, max-image-preview:large, max-video-preview:-1\" \/>\n<link rel=\"canonical\" href=\"https:\/\/rmelecom.com\/en\/ven-a-vernos-a-matelec-2024\/\" \/>\n<meta property=\"og:locale\" content=\"en_GB\" \/>\n<meta property=\"og:type\" content=\"article\" \/>\n<meta property=\"og:title\" content=\"Ven a vernos a MATELEC 2024\" \/>\n<meta property=\"og:description\" content=\"este a\u00f1o volveremos a estar por d\u00e9cima vez presentes en una de las ferias m\u00e1s importantes de Espa\u00f1a y referente en el sur de Europa para los sectores el\u00e9ctrico, electr\u00f3nico y de telecomunicaciones MATELEC 2024\" \/>\n<meta property=\"og:url\" content=\"https:\/\/rmelecom.com\/en\/ven-a-vernos-a-matelec-2024\/\" \/>\n<meta property=\"og:site_name\" content=\"RM Electronics Components\" \/>\n<meta property=\"article:publisher\" content=\"https:\/\/www.facebook.com\/profile.php?id=100090814748201\" \/>\n<meta property=\"article:published_time\" content=\"2024-10-31T10:57:06+00:00\" \/>\n<meta property=\"article:modified_time\" content=\"2025-01-28T09:18:35+00:00\" \/>\n<meta property=\"og:image\" content=\"https:\/\/rmelecom.com\/wp-content\/uploads\/2024\/10\/matelec-web-creatividad.png\" \/>\n\t<meta property=\"og:image:width\" content=\"1212\" \/>\n\t<meta property=\"og:image:height\" content=\"678\" \/>\n\t<meta property=\"og:image:type\" content=\"image\/png\" \/>\n<meta name=\"author\" content=\"RM-3leCC\" \/>\n<meta name=\"twitter:card\" content=\"summary_large_image\" \/>\n<meta name=\"twitter:label1\" content=\"Written by\" \/>\n\t<meta name=\"twitter:data1\" content=\"RM-3leCC\" \/>\n\t<meta name=\"twitter:label2\" content=\"Est. reading time\" \/>\n\t<meta name=\"twitter:data2\" content=\"1 minute\" \/>\n<script type=\"application\/ld+json\" class=\"yoast-schema-graph\">{\"@context\":\"https:\\\/\\\/schema.org\",\"@graph\":[{\"@type\":\"Article\",\"@id\":\"https:\\\/\\\/rmelecom.com\\\/ven-a-vernos-a-matelec-2024\\\/#article\",\"isPartOf\":{\"@id\":\"https:\\\/\\\/rmelecom.com\\\/ven-a-vernos-a-matelec-2024\\\/\"},\"author\":{\"name\":\"RM-3leCC\",\"@id\":\"https:\\\/\\\/rmelecom.com\\\/#\\\/schema\\\/person\\\/82e6bca7d501f9a839182bad716ea744\"},\"headline\":\"Ven a vernos a MATELEC 2024\",\"datePublished\":\"2024-10-31T10:57:06+00:00\",\"dateModified\":\"2025-01-28T09:18:35+00:00\",\"mainEntityOfPage\":{\"@id\":\"https:\\\/\\\/rmelecom.com\\\/ven-a-vernos-a-matelec-2024\\\/\"},\"wordCount\":132,\"publisher\":{\"@id\":\"https:\\\/\\\/rmelecom.com\\\/#organization\"},\"image\":{\"@id\":\"https:\\\/\\\/rmelecom.com\\\/ven-a-vernos-a-matelec-2024\\\/#primaryimage\"},\"thumbnailUrl\":\"https:\\\/\\\/rmelecom.com\\\/wp-content\\\/uploads\\\/2024\\\/10\\\/matelec-web-creatividad.png\",\"articleSection\":[\"HITOS\"],\"inLanguage\":\"en-GB\"},{\"@type\":\"WebPage\",\"@id\":\"https:\\\/\\\/rmelecom.com\\\/ven-a-vernos-a-matelec-2024\\\/\",\"url\":\"https:\\\/\\\/rmelecom.com\\\/ven-a-vernos-a-matelec-2024\\\/\",\"name\":\"Ven a vernos a MATELEC 2024 - RM Electronics Components\",\"isPartOf\":{\"@id\":\"https:\\\/\\\/rmelecom.com\\\/#website\"},\"primaryImageOfPage\":{\"@id\":\"https:\\\/\\\/rmelecom.com\\\/ven-a-vernos-a-matelec-2024\\\/#primaryimage\"},\"image\":{\"@id\":\"https:\\\/\\\/rmelecom.com\\\/ven-a-vernos-a-matelec-2024\\\/#primaryimage\"},\"thumbnailUrl\":\"https:\\\/\\\/rmelecom.com\\\/wp-content\\\/uploads\\\/2024\\\/10\\\/matelec-web-creatividad.png\",\"datePublished\":\"2024-10-31T10:57:06+00:00\",\"dateModified\":\"2025-01-28T09:18:35+00:00\",\"description\":\"este a\u00f1o volveremos a estar por d\u00e9cima vez presentes en una de las ferias m\u00e1s importantes de Espa\u00f1a y referente en el sur de Europa para los sectores el\u00e9ctrico, electr\u00f3nico y de telecomunicaciones MATELEC 2024\",\"breadcrumb\":{\"@id\":\"https:\\\/\\\/rmelecom.com\\\/ven-a-vernos-a-matelec-2024\\\/#breadcrumb\"},\"inLanguage\":\"en-GB\",\"potentialAction\":[{\"@type\":\"ReadAction\",\"target\":[\"https:\\\/\\\/rmelecom.com\\\/ven-a-vernos-a-matelec-2024\\\/\"]}]},{\"@type\":\"ImageObject\",\"inLanguage\":\"en-GB\",\"@id\":\"https:\\\/\\\/rmelecom.com\\\/ven-a-vernos-a-matelec-2024\\\/#primaryimage\",\"url\":\"https:\\\/\\\/rmelecom.com\\\/wp-content\\\/uploads\\\/2024\\\/10\\\/matelec-web-creatividad.png\",\"contentUrl\":\"https:\\\/\\\/rmelecom.com\\\/wp-content\\\/uploads\\\/2024\\\/10\\\/matelec-web-creatividad.png\",\"width\":1212,\"height\":678},{\"@type\":\"BreadcrumbList\",\"@id\":\"https:\\\/\\\/rmelecom.com\\\/ven-a-vernos-a-matelec-2024\\\/#breadcrumb\",\"itemListElement\":[{\"@type\":\"ListItem\",\"position\":1,\"name\":\"Portada\",\"item\":\"https:\\\/\\\/rmelecom.com\\\/\"},{\"@type\":\"ListItem\",\"position\":2,\"name\":\"Ven a vernos a MATELEC 2024\"}]},{\"@type\":\"WebSite\",\"@id\":\"https:\\\/\\\/rmelecom.com\\\/#website\",\"url\":\"https:\\\/\\\/rmelecom.com\\\/\",\"name\":\"RM Electronics Components\",\"description\":\"Soluciones en pilas, bater\u00edas y componentes electromec\u00e1nicos.\",\"publisher\":{\"@id\":\"https:\\\/\\\/rmelecom.com\\\/#organization\"},\"potentialAction\":[{\"@type\":\"SearchAction\",\"target\":{\"@type\":\"EntryPoint\",\"urlTemplate\":\"https:\\\/\\\/rmelecom.com\\\/?s={search_term_string}\"},\"query-input\":{\"@type\":\"PropertyValueSpecification\",\"valueRequired\":true,\"valueName\":\"search_term_string\"}}],\"inLanguage\":\"en-GB\"},{\"@type\":\"Organization\",\"@id\":\"https:\\\/\\\/rmelecom.com\\\/#organization\",\"name\":\"RM Electronics Components\",\"url\":\"https:\\\/\\\/rmelecom.com\\\/\",\"logo\":{\"@type\":\"ImageObject\",\"inLanguage\":\"en-GB\",\"@id\":\"https:\\\/\\\/rmelecom.com\\\/#\\\/schema\\\/logo\\\/image\\\/\",\"url\":\"https:\\\/\\\/rmelecom.com\\\/wp-content\\\/uploads\\\/2022\\\/10\\\/Mesa-de-trabajo-1.png\",\"contentUrl\":\"https:\\\/\\\/rmelecom.com\\\/wp-content\\\/uploads\\\/2022\\\/10\\\/Mesa-de-trabajo-1.png\",\"width\":1080,\"height\":1080,\"caption\":\"RM Electronics Components\"},\"image\":{\"@id\":\"https:\\\/\\\/rmelecom.com\\\/#\\\/schema\\\/logo\\\/image\\\/\"},\"sameAs\":[\"https:\\\/\\\/www.facebook.com\\\/profile.php?id=100090814748201\"]},{\"@type\":\"Person\",\"@id\":\"https:\\\/\\\/rmelecom.com\\\/#\\\/schema\\\/person\\\/82e6bca7d501f9a839182bad716ea744\",\"name\":\"RM-3leCC\",\"image\":{\"@type\":\"ImageObject\",\"inLanguage\":\"en-GB\",\"@id\":\"https:\\\/\\\/secure.gravatar.com\\\/avatar\\\/ef0d3c0dd4967469f348b72ec0c48fe5584ba3e095e2ab1484fff2e706339892?s=96&d=mm&r=g\",\"url\":\"https:\\\/\\\/secure.gravatar.com\\\/avatar\\\/ef0d3c0dd4967469f348b72ec0c48fe5584ba3e095e2ab1484fff2e706339892?s=96&d=mm&r=g\",\"contentUrl\":\"https:\\\/\\\/secure.gravatar.com\\\/avatar\\\/ef0d3c0dd4967469f348b72ec0c48fe5584ba3e095e2ab1484fff2e706339892?s=96&d=mm&r=g\",\"caption\":\"RM-3leCC\"},\"sameAs\":[\"http:\\\/\\\/rmelecom.com\"],\"url\":\"https:\\\/\\\/rmelecom.com\\\/en\\\/author\\\/rm-3lecc\\\/\"}]}<\/script>\n<!-- \/ Yoast SEO Premium plugin. -->","yoast_head_json":{"title":"Ven a vernos a MATELEC 2024 - RM Electronics Components","description":"este a\u00f1o volveremos a estar por d\u00e9cima vez presentes en una de las ferias m\u00e1s importantes de Espa\u00f1a y referente en el sur de Europa para los sectores el\u00e9ctrico, electr\u00f3nico y de telecomunicaciones MATELEC 2024","robots":{"index":"index","follow":"follow","max-snippet":"max-snippet:-1","max-image-preview":"max-image-preview:large","max-video-preview":"max-video-preview:-1"},"canonical":"https:\/\/rmelecom.com\/en\/ven-a-vernos-a-matelec-2024\/","og_locale":"en_GB","og_type":"article","og_title":"Ven a vernos a MATELEC 2024","og_description":"este a\u00f1o volveremos a estar por d\u00e9cima vez presentes en una de las ferias m\u00e1s importantes de Espa\u00f1a y referente en el sur de Europa para los sectores el\u00e9ctrico, electr\u00f3nico y de telecomunicaciones MATELEC 2024","og_url":"https:\/\/rmelecom.com\/en\/ven-a-vernos-a-matelec-2024\/","og_site_name":"RM Electronics Components","article_publisher":"https:\/\/www.facebook.com\/profile.php?id=100090814748201","article_published_time":"2024-10-31T10:57:06+00:00","article_modified_time":"2025-01-28T09:18:35+00:00","og_image":[{"width":1212,"height":678,"url":"https:\/\/rmelecom.com\/wp-content\/uploads\/2024\/10\/matelec-web-creatividad.png","type":"image\/png"}],"author":"RM-3leCC","twitter_card":"summary_large_image","twitter_misc":{"Written by":"RM-3leCC","Est. reading time":"1 minute"},"schema":{"@context":"https:\/\/schema.org","@graph":[{"@type":"Article","@id":"https:\/\/rmelecom.com\/ven-a-vernos-a-matelec-2024\/#article","isPartOf":{"@id":"https:\/\/rmelecom.com\/ven-a-vernos-a-matelec-2024\/"},"author":{"name":"RM-3leCC","@id":"https:\/\/rmelecom.com\/#\/schema\/person\/82e6bca7d501f9a839182bad716ea744"},"headline":"Ven a vernos a MATELEC 2024","datePublished":"2024-10-31T10:57:06+00:00","dateModified":"2025-01-28T09:18:35+00:00","mainEntityOfPage":{"@id":"https:\/\/rmelecom.com\/ven-a-vernos-a-matelec-2024\/"},"wordCount":132,"publisher":{"@id":"https:\/\/rmelecom.com\/#organization"},"image":{"@id":"https:\/\/rmelecom.com\/ven-a-vernos-a-matelec-2024\/#primaryimage"},"thumbnailUrl":"https:\/\/rmelecom.com\/wp-content\/uploads\/2024\/10\/matelec-web-creatividad.png","articleSection":["HITOS"],"inLanguage":"en-GB"},{"@type":"WebPage","@id":"https:\/\/rmelecom.com\/ven-a-vernos-a-matelec-2024\/","url":"https:\/\/rmelecom.com\/ven-a-vernos-a-matelec-2024\/","name":"Ven a vernos a MATELEC 2024 - RM Electronics Components","isPartOf":{"@id":"https:\/\/rmelecom.com\/#website"},"primaryImageOfPage":{"@id":"https:\/\/rmelecom.com\/ven-a-vernos-a-matelec-2024\/#primaryimage"},"image":{"@id":"https:\/\/rmelecom.com\/ven-a-vernos-a-matelec-2024\/#primaryimage"},"thumbnailUrl":"https:\/\/rmelecom.com\/wp-content\/uploads\/2024\/10\/matelec-web-creatividad.png","datePublished":"2024-10-31T10:57:06+00:00","dateModified":"2025-01-28T09:18:35+00:00","description":"este a\u00f1o volveremos a estar por d\u00e9cima vez presentes en una de las ferias m\u00e1s importantes de Espa\u00f1a y referente en el sur de Europa para los sectores el\u00e9ctrico, electr\u00f3nico y de telecomunicaciones MATELEC 2024","breadcrumb":{"@id":"https:\/\/rmelecom.com\/ven-a-vernos-a-matelec-2024\/#breadcrumb"},"inLanguage":"en-GB","potentialAction":[{"@type":"ReadAction","target":["https:\/\/rmelecom.com\/ven-a-vernos-a-matelec-2024\/"]}]},{"@type":"ImageObject","inLanguage":"en-GB","@id":"https:\/\/rmelecom.com\/ven-a-vernos-a-matelec-2024\/#primaryimage","url":"https:\/\/rmelecom.com\/wp-content\/uploads\/2024\/10\/matelec-web-creatividad.png","contentUrl":"https:\/\/rmelecom.com\/wp-content\/uploads\/2024\/10\/matelec-web-creatividad.png","width":1212,"height":678},{"@type":"BreadcrumbList","@id":"https:\/\/rmelecom.com\/ven-a-vernos-a-matelec-2024\/#breadcrumb","itemListElement":[{"@type":"ListItem","position":1,"name":"Portada","item":"https:\/\/rmelecom.com\/"},{"@type":"ListItem","position":2,"name":"Ven a vernos a MATELEC 2024"}]},{"@type":"WebSite","@id":"https:\/\/rmelecom.com\/#website","url":"https:\/\/rmelecom.com\/","name":"RM Electronics Components","description":"Soluciones en pilas, bater\u00edas y componentes electromec\u00e1nicos.","publisher":{"@id":"https:\/\/rmelecom.com\/#organization"},"potentialAction":[{"@type":"SearchAction","target":{"@type":"EntryPoint","urlTemplate":"https:\/\/rmelecom.com\/?s={search_term_string}"},"query-input":{"@type":"PropertyValueSpecification","valueRequired":true,"valueName":"search_term_string"}}],"inLanguage":"en-GB"},{"@type":"Organization","@id":"https:\/\/rmelecom.com\/#organization","name":"RM Electronics Components","url":"https:\/\/rmelecom.com\/","logo":{"@type":"ImageObject","inLanguage":"en-GB","@id":"https:\/\/rmelecom.com\/#\/schema\/logo\/image\/","url":"https:\/\/rmelecom.com\/wp-content\/uploads\/2022\/10\/Mesa-de-trabajo-1.png","contentUrl":"https:\/\/rmelecom.com\/wp-content\/uploads\/2022\/10\/Mesa-de-trabajo-1.png","width":1080,"height":1080,"caption":"RM Electronics Components"},"image":{"@id":"https:\/\/rmelecom.com\/#\/schema\/logo\/image\/"},"sameAs":["https:\/\/www.facebook.com\/profile.php?id=100090814748201"]},{"@type":"Person","@id":"https:\/\/rmelecom.com\/#\/schema\/person\/82e6bca7d501f9a839182bad716ea744","name":"RM-3leCC","image":{"@type":"ImageObject","inLanguage":"en-GB","@id":"https:\/\/secure.gravatar.com\/avatar\/ef0d3c0dd4967469f348b72ec0c48fe5584ba3e095e2ab1484fff2e706339892?s=96&d=mm&r=g","url":"https:\/\/secure.gravatar.com\/avatar\/ef0d3c0dd4967469f348b72ec0c48fe5584ba3e095e2ab1484fff2e706339892?s=96&d=mm&r=g","contentUrl":"https:\/\/secure.gravatar.com\/avatar\/ef0d3c0dd4967469f348b72ec0c48fe5584ba3e095e2ab1484fff2e706339892?s=96&d=mm&r=g","caption":"RM-3leCC"},"sameAs":["http:\/\/rmelecom.com"],"url":"https:\/\/rmelecom.com\/en\/author\/rm-3lecc\/"}]}},"_links":{"self":[{"href":"https:\/\/rmelecom.com\/en\/wp-json\/wp\/v2\/posts\/2693","targetHints":{"allow":["GET"]}}],"collection":[{"href":"https:\/\/rmelecom.com\/en\/wp-json\/wp\/v2\/posts"}],"about":[{"href":"https:\/\/rmelecom.com\/en\/wp-json\/wp\/v2\/types\/post"}],"author":[{"embeddable":true,"href":"https:\/\/rmelecom.com\/en\/wp-json\/wp\/v2\/users\/1"}],"replies":[{"embeddable":true,"href":"https:\/\/rmelecom.com\/en\/wp-json\/wp\/v2\/comments?post=2693"}],"version-history":[{"count":2,"href":"https:\/\/rmelecom.com\/en\/wp-json\/wp\/v2\/posts\/2693\/revisions"}],"predecessor-version":[{"id":2753,"href":"https:\/\/rmelecom.com\/en\/wp-json\/wp\/v2\/posts\/2693\/revisions\/2753"}],"wp:featuredmedia":[{"embeddable":true,"href":"https:\/\/rmelecom.com\/en\/wp-json\/wp\/v2\/media\/2694"}],"wp:attachment":[{"href":"https:\/\/rmelecom.com\/en\/wp-json\/wp\/v2\/media?parent=2693"}],"wp:term":[{"taxonomy":"category","embeddable":true,"href":"https:\/\/rmelecom.com\/en\/wp-json\/wp\/v2\/categories?post=2693"},{"taxonomy":"post_tag","embeddable":true,"href":"https:\/\/rmelecom.com\/en\/wp-json\/wp\/v2\/tags?post=2693"}],"curies":[{"name":"wp","href":"https:\/\/api.w.org\/{rel}","templated":true}]}}