{"id":853,"date":"2023-05-09T17:02:42","date_gmt":"2023-05-09T17:02:42","guid":{"rendered":"https:\/\/rmelecom.com\/?p=853"},"modified":"2023-05-26T10:10:56","modified_gmt":"2023-05-26T10:10:56","slug":"finaliza-el-tour-mundial-de-tenis-masculino-de-la-itf-y-la-atp","status":"publish","type":"post","link":"https:\/\/rmelecom.com\/en\/finaliza-el-tour-mundial-de-tenis-masculino-de-la-itf-y-la-atp\/","title":{"rendered":"Finaliza el Tour Mundial de Tenis Masculino de la ITF y la ATP"},"content":{"rendered":"<h2 class=\"wp-block-heading\">Este domingo ha finalizado el campeonato ITF WTT Masculino 25M&nbsp;Cercle Sabadell\u00e8s 1856&nbsp;. Desde&nbsp;RM Electronics&nbsp;queremos felicitar a nuestros jugadores, \u00c8ric S\u00e1nchez y Pep Ort\u00edn, y al resto de participantes por el gran trabajo realizado en la cancha durante todo el torneo.<\/h2>","protected":false},"excerpt":{"rendered":"<p>Este domingo ha finalizado el campeonato ITF WTT Masculino 25M&nbsp;Cercle Sabadell\u00e8s 1856&nbsp;. Desde&nbsp;RM Electronics&nbsp;queremos felicitar a nuestros jugadores, \u00c8ric S\u00e1nchez y Pep Ort\u00edn, y al resto de participantes por el gran trabajo realizado en la cancha durante todo el torneo.<\/p>","protected":false},"author":1,"featured_media":854,"comment_status":"closed","ping_status":"open","sticky":false,"template":"","format":"standard","meta":{"_monsterinsights_skip_tracking":false,"_monsterinsights_sitenote_active":false,"_monsterinsights_sitenote_note":"","_monsterinsights_sitenote_category":0,"_joinchat":[],"footnotes":""},"categories":[21],"tags":[],"class_list":["post-853","post","type-post","status-publish","format-standard","has-post-thumbnail","hentry","category-patrocinio"],"yoast_head":"<!-- This site is optimized with the Yoast SEO Premium plugin v22.2 (Yoast SEO v27.4) - https:\/\/yoast.com\/product\/yoast-seo-premium-wordpress\/ -->\n<title>Finaliza el Tour Mundial de Tenis Masculino de la ITF y la ATP - RM Electronics Components<\/title>\n<meta name=\"description\" content=\"Este domingo ha finalizado el campeonato ITF WTT Masculino 25M Cercle Sabadell\u00e8s 1856 . Desde #RMElectronics queremos felicitar a nuestros jugadores, \u00c8ric S\u00e1nchez y Pep Ort\u00edn, y al resto de participantes por el gran trabajo realizado en la cancha durante todo el torneo.\" \/>\n<meta name=\"robots\" content=\"index, follow, max-snippet:-1, max-image-preview:large, max-video-preview:-1\" \/>\n<link rel=\"canonical\" href=\"https:\/\/rmelecom.com\/en\/finaliza-el-tour-mundial-de-tenis-masculino-de-la-itf-y-la-atp\/\" \/>\n<meta property=\"og:locale\" content=\"en_GB\" \/>\n<meta property=\"og:type\" content=\"article\" \/>\n<meta property=\"og:title\" content=\"Finaliza el Tour Mundial de Tenis Masculino de la ITF y la ATP\" \/>\n<meta property=\"og:description\" content=\"Este domingo ha finalizado el campeonato ITF WTT Masculino 25M Cercle Sabadell\u00e8s 1856 . Desde #RMElectronics queremos felicitar a nuestros jugadores, \u00c8ric S\u00e1nchez y Pep Ort\u00edn, y al resto de participantes por el gran trabajo realizado en la cancha durante todo el torneo.\" \/>\n<meta property=\"og:url\" content=\"https:\/\/rmelecom.com\/en\/finaliza-el-tour-mundial-de-tenis-masculino-de-la-itf-y-la-atp\/\" \/>\n<meta property=\"og:site_name\" content=\"RM Electronics Components\" \/>\n<meta property=\"article:publisher\" content=\"https:\/\/www.facebook.com\/profile.php?id=100090814748201\" \/>\n<meta property=\"article:published_time\" content=\"2023-05-09T17:02:42+00:00\" \/>\n<meta property=\"article:modified_time\" content=\"2023-05-26T10:10:56+00:00\" \/>\n<meta property=\"og:image\" content=\"https:\/\/rmelecom.com\/wp-content\/uploads\/2023\/05\/Group-59-9-1-scaled.jpg\" \/>\n\t<meta property=\"og:image:width\" content=\"2560\" \/>\n\t<meta property=\"og:image:height\" content=\"1289\" \/>\n\t<meta property=\"og:image:type\" content=\"image\/jpeg\" \/>\n<meta name=\"author\" content=\"RM-3leCC\" \/>\n<meta name=\"twitter:card\" content=\"summary_large_image\" \/>\n<meta name=\"twitter:label1\" content=\"Written by\" \/>\n\t<meta name=\"twitter:data1\" content=\"RM-3leCC\" \/>\n\t<meta name=\"twitter:label2\" content=\"Est. reading time\" \/>\n\t<meta name=\"twitter:data2\" content=\"1 minute\" \/>\n<script type=\"application\/ld+json\" class=\"yoast-schema-graph\">{\"@context\":\"https:\\\/\\\/schema.org\",\"@graph\":[{\"@type\":\"Article\",\"@id\":\"https:\\\/\\\/rmelecom.com\\\/finaliza-el-tour-mundial-de-tenis-masculino-de-la-itf-y-la-atp\\\/#article\",\"isPartOf\":{\"@id\":\"https:\\\/\\\/rmelecom.com\\\/finaliza-el-tour-mundial-de-tenis-masculino-de-la-itf-y-la-atp\\\/\"},\"author\":{\"name\":\"RM-3leCC\",\"@id\":\"https:\\\/\\\/rmelecom.com\\\/#\\\/schema\\\/person\\\/82e6bca7d501f9a839182bad716ea744\"},\"headline\":\"Finaliza el Tour Mundial de Tenis Masculino de la ITF y la ATP\",\"datePublished\":\"2023-05-09T17:02:42+00:00\",\"dateModified\":\"2023-05-26T10:10:56+00:00\",\"mainEntityOfPage\":{\"@id\":\"https:\\\/\\\/rmelecom.com\\\/finaliza-el-tour-mundial-de-tenis-masculino-de-la-itf-y-la-atp\\\/\"},\"wordCount\":62,\"publisher\":{\"@id\":\"https:\\\/\\\/rmelecom.com\\\/#organization\"},\"image\":{\"@id\":\"https:\\\/\\\/rmelecom.com\\\/finaliza-el-tour-mundial-de-tenis-masculino-de-la-itf-y-la-atp\\\/#primaryimage\"},\"thumbnailUrl\":\"https:\\\/\\\/rmelecom.com\\\/wp-content\\\/uploads\\\/2023\\\/05\\\/Group-59-9-1-scaled.jpg\",\"articleSection\":[\"PATROCINIO\"],\"inLanguage\":\"en-GB\"},{\"@type\":\"WebPage\",\"@id\":\"https:\\\/\\\/rmelecom.com\\\/finaliza-el-tour-mundial-de-tenis-masculino-de-la-itf-y-la-atp\\\/\",\"url\":\"https:\\\/\\\/rmelecom.com\\\/finaliza-el-tour-mundial-de-tenis-masculino-de-la-itf-y-la-atp\\\/\",\"name\":\"Finaliza el Tour Mundial de Tenis Masculino de la ITF y la ATP - RM Electronics Components\",\"isPartOf\":{\"@id\":\"https:\\\/\\\/rmelecom.com\\\/#website\"},\"primaryImageOfPage\":{\"@id\":\"https:\\\/\\\/rmelecom.com\\\/finaliza-el-tour-mundial-de-tenis-masculino-de-la-itf-y-la-atp\\\/#primaryimage\"},\"image\":{\"@id\":\"https:\\\/\\\/rmelecom.com\\\/finaliza-el-tour-mundial-de-tenis-masculino-de-la-itf-y-la-atp\\\/#primaryimage\"},\"thumbnailUrl\":\"https:\\\/\\\/rmelecom.com\\\/wp-content\\\/uploads\\\/2023\\\/05\\\/Group-59-9-1-scaled.jpg\",\"datePublished\":\"2023-05-09T17:02:42+00:00\",\"dateModified\":\"2023-05-26T10:10:56+00:00\",\"description\":\"Este domingo ha finalizado el campeonato ITF WTT Masculino 25M Cercle Sabadell\u00e8s 1856 . Desde #RMElectronics queremos felicitar a nuestros jugadores, \u00c8ric S\u00e1nchez y Pep Ort\u00edn, y al resto de participantes por el gran trabajo realizado en la cancha durante todo el torneo.\",\"breadcrumb\":{\"@id\":\"https:\\\/\\\/rmelecom.com\\\/finaliza-el-tour-mundial-de-tenis-masculino-de-la-itf-y-la-atp\\\/#breadcrumb\"},\"inLanguage\":\"en-GB\",\"potentialAction\":[{\"@type\":\"ReadAction\",\"target\":[\"https:\\\/\\\/rmelecom.com\\\/finaliza-el-tour-mundial-de-tenis-masculino-de-la-itf-y-la-atp\\\/\"]}]},{\"@type\":\"ImageObject\",\"inLanguage\":\"en-GB\",\"@id\":\"https:\\\/\\\/rmelecom.com\\\/finaliza-el-tour-mundial-de-tenis-masculino-de-la-itf-y-la-atp\\\/#primaryimage\",\"url\":\"https:\\\/\\\/rmelecom.com\\\/wp-content\\\/uploads\\\/2023\\\/05\\\/Group-59-9-1-scaled.jpg\",\"contentUrl\":\"https:\\\/\\\/rmelecom.com\\\/wp-content\\\/uploads\\\/2023\\\/05\\\/Group-59-9-1-scaled.jpg\",\"width\":2560,\"height\":1289},{\"@type\":\"BreadcrumbList\",\"@id\":\"https:\\\/\\\/rmelecom.com\\\/finaliza-el-tour-mundial-de-tenis-masculino-de-la-itf-y-la-atp\\\/#breadcrumb\",\"itemListElement\":[{\"@type\":\"ListItem\",\"position\":1,\"name\":\"Portada\",\"item\":\"https:\\\/\\\/rmelecom.com\\\/\"},{\"@type\":\"ListItem\",\"position\":2,\"name\":\"Finaliza el Tour Mundial de Tenis Masculino de la ITF y la ATP\"}]},{\"@type\":\"WebSite\",\"@id\":\"https:\\\/\\\/rmelecom.com\\\/#website\",\"url\":\"https:\\\/\\\/rmelecom.com\\\/\",\"name\":\"RM Electronics Components\",\"description\":\"Soluciones en pilas, bater\u00edas y componentes electromec\u00e1nicos.\",\"publisher\":{\"@id\":\"https:\\\/\\\/rmelecom.com\\\/#organization\"},\"potentialAction\":[{\"@type\":\"SearchAction\",\"target\":{\"@type\":\"EntryPoint\",\"urlTemplate\":\"https:\\\/\\\/rmelecom.com\\\/?s={search_term_string}\"},\"query-input\":{\"@type\":\"PropertyValueSpecification\",\"valueRequired\":true,\"valueName\":\"search_term_string\"}}],\"inLanguage\":\"en-GB\"},{\"@type\":\"Organization\",\"@id\":\"https:\\\/\\\/rmelecom.com\\\/#organization\",\"name\":\"RM Electronics Components\",\"url\":\"https:\\\/\\\/rmelecom.com\\\/\",\"logo\":{\"@type\":\"ImageObject\",\"inLanguage\":\"en-GB\",\"@id\":\"https:\\\/\\\/rmelecom.com\\\/#\\\/schema\\\/logo\\\/image\\\/\",\"url\":\"https:\\\/\\\/rmelecom.com\\\/wp-content\\\/uploads\\\/2022\\\/10\\\/Mesa-de-trabajo-1.png\",\"contentUrl\":\"https:\\\/\\\/rmelecom.com\\\/wp-content\\\/uploads\\\/2022\\\/10\\\/Mesa-de-trabajo-1.png\",\"width\":1080,\"height\":1080,\"caption\":\"RM Electronics Components\"},\"image\":{\"@id\":\"https:\\\/\\\/rmelecom.com\\\/#\\\/schema\\\/logo\\\/image\\\/\"},\"sameAs\":[\"https:\\\/\\\/www.facebook.com\\\/profile.php?id=100090814748201\"]},{\"@type\":\"Person\",\"@id\":\"https:\\\/\\\/rmelecom.com\\\/#\\\/schema\\\/person\\\/82e6bca7d501f9a839182bad716ea744\",\"name\":\"RM-3leCC\",\"image\":{\"@type\":\"ImageObject\",\"inLanguage\":\"en-GB\",\"@id\":\"https:\\\/\\\/secure.gravatar.com\\\/avatar\\\/ef0d3c0dd4967469f348b72ec0c48fe5584ba3e095e2ab1484fff2e706339892?s=96&d=mm&r=g\",\"url\":\"https:\\\/\\\/secure.gravatar.com\\\/avatar\\\/ef0d3c0dd4967469f348b72ec0c48fe5584ba3e095e2ab1484fff2e706339892?s=96&d=mm&r=g\",\"contentUrl\":\"https:\\\/\\\/secure.gravatar.com\\\/avatar\\\/ef0d3c0dd4967469f348b72ec0c48fe5584ba3e095e2ab1484fff2e706339892?s=96&d=mm&r=g\",\"caption\":\"RM-3leCC\"},\"sameAs\":[\"http:\\\/\\\/rmelecom.com\"],\"url\":\"https:\\\/\\\/rmelecom.com\\\/en\\\/author\\\/rm-3lecc\\\/\"}]}<\/script>\n<!-- \/ Yoast SEO Premium plugin. -->","yoast_head_json":{"title":"Finaliza el Tour Mundial de Tenis Masculino de la ITF y la ATP - RM Electronics Components","description":"Este domingo ha finalizado el campeonato ITF WTT Masculino 25M Cercle Sabadell\u00e8s 1856 . Desde #RMElectronics queremos felicitar a nuestros jugadores, \u00c8ric S\u00e1nchez y Pep Ort\u00edn, y al resto de participantes por el gran trabajo realizado en la cancha durante todo el torneo.","robots":{"index":"index","follow":"follow","max-snippet":"max-snippet:-1","max-image-preview":"max-image-preview:large","max-video-preview":"max-video-preview:-1"},"canonical":"https:\/\/rmelecom.com\/en\/finaliza-el-tour-mundial-de-tenis-masculino-de-la-itf-y-la-atp\/","og_locale":"en_GB","og_type":"article","og_title":"Finaliza el Tour Mundial de Tenis Masculino de la ITF y la ATP","og_description":"Este domingo ha finalizado el campeonato ITF WTT Masculino 25M Cercle Sabadell\u00e8s 1856 . Desde #RMElectronics queremos felicitar a nuestros jugadores, \u00c8ric S\u00e1nchez y Pep Ort\u00edn, y al resto de participantes por el gran trabajo realizado en la cancha durante todo el torneo.","og_url":"https:\/\/rmelecom.com\/en\/finaliza-el-tour-mundial-de-tenis-masculino-de-la-itf-y-la-atp\/","og_site_name":"RM Electronics Components","article_publisher":"https:\/\/www.facebook.com\/profile.php?id=100090814748201","article_published_time":"2023-05-09T17:02:42+00:00","article_modified_time":"2023-05-26T10:10:56+00:00","og_image":[{"width":2560,"height":1289,"url":"https:\/\/rmelecom.com\/wp-content\/uploads\/2023\/05\/Group-59-9-1-scaled.jpg","type":"image\/jpeg"}],"author":"RM-3leCC","twitter_card":"summary_large_image","twitter_misc":{"Written by":"RM-3leCC","Est. reading time":"1 minute"},"schema":{"@context":"https:\/\/schema.org","@graph":[{"@type":"Article","@id":"https:\/\/rmelecom.com\/finaliza-el-tour-mundial-de-tenis-masculino-de-la-itf-y-la-atp\/#article","isPartOf":{"@id":"https:\/\/rmelecom.com\/finaliza-el-tour-mundial-de-tenis-masculino-de-la-itf-y-la-atp\/"},"author":{"name":"RM-3leCC","@id":"https:\/\/rmelecom.com\/#\/schema\/person\/82e6bca7d501f9a839182bad716ea744"},"headline":"Finaliza el Tour Mundial de Tenis Masculino de la ITF y la ATP","datePublished":"2023-05-09T17:02:42+00:00","dateModified":"2023-05-26T10:10:56+00:00","mainEntityOfPage":{"@id":"https:\/\/rmelecom.com\/finaliza-el-tour-mundial-de-tenis-masculino-de-la-itf-y-la-atp\/"},"wordCount":62,"publisher":{"@id":"https:\/\/rmelecom.com\/#organization"},"image":{"@id":"https:\/\/rmelecom.com\/finaliza-el-tour-mundial-de-tenis-masculino-de-la-itf-y-la-atp\/#primaryimage"},"thumbnailUrl":"https:\/\/rmelecom.com\/wp-content\/uploads\/2023\/05\/Group-59-9-1-scaled.jpg","articleSection":["PATROCINIO"],"inLanguage":"en-GB"},{"@type":"WebPage","@id":"https:\/\/rmelecom.com\/finaliza-el-tour-mundial-de-tenis-masculino-de-la-itf-y-la-atp\/","url":"https:\/\/rmelecom.com\/finaliza-el-tour-mundial-de-tenis-masculino-de-la-itf-y-la-atp\/","name":"Finaliza el Tour Mundial de Tenis Masculino de la ITF y la ATP - RM Electronics Components","isPartOf":{"@id":"https:\/\/rmelecom.com\/#website"},"primaryImageOfPage":{"@id":"https:\/\/rmelecom.com\/finaliza-el-tour-mundial-de-tenis-masculino-de-la-itf-y-la-atp\/#primaryimage"},"image":{"@id":"https:\/\/rmelecom.com\/finaliza-el-tour-mundial-de-tenis-masculino-de-la-itf-y-la-atp\/#primaryimage"},"thumbnailUrl":"https:\/\/rmelecom.com\/wp-content\/uploads\/2023\/05\/Group-59-9-1-scaled.jpg","datePublished":"2023-05-09T17:02:42+00:00","dateModified":"2023-05-26T10:10:56+00:00","description":"Este domingo ha finalizado el campeonato ITF WTT Masculino 25M Cercle Sabadell\u00e8s 1856 . Desde #RMElectronics queremos felicitar a nuestros jugadores, \u00c8ric S\u00e1nchez y Pep Ort\u00edn, y al resto de participantes por el gran trabajo realizado en la cancha durante todo el torneo.","breadcrumb":{"@id":"https:\/\/rmelecom.com\/finaliza-el-tour-mundial-de-tenis-masculino-de-la-itf-y-la-atp\/#breadcrumb"},"inLanguage":"en-GB","potentialAction":[{"@type":"ReadAction","target":["https:\/\/rmelecom.com\/finaliza-el-tour-mundial-de-tenis-masculino-de-la-itf-y-la-atp\/"]}]},{"@type":"ImageObject","inLanguage":"en-GB","@id":"https:\/\/rmelecom.com\/finaliza-el-tour-mundial-de-tenis-masculino-de-la-itf-y-la-atp\/#primaryimage","url":"https:\/\/rmelecom.com\/wp-content\/uploads\/2023\/05\/Group-59-9-1-scaled.jpg","contentUrl":"https:\/\/rmelecom.com\/wp-content\/uploads\/2023\/05\/Group-59-9-1-scaled.jpg","width":2560,"height":1289},{"@type":"BreadcrumbList","@id":"https:\/\/rmelecom.com\/finaliza-el-tour-mundial-de-tenis-masculino-de-la-itf-y-la-atp\/#breadcrumb","itemListElement":[{"@type":"ListItem","position":1,"name":"Portada","item":"https:\/\/rmelecom.com\/"},{"@type":"ListItem","position":2,"name":"Finaliza el Tour Mundial de Tenis Masculino de la ITF y la ATP"}]},{"@type":"WebSite","@id":"https:\/\/rmelecom.com\/#website","url":"https:\/\/rmelecom.com\/","name":"RM Electronics Components","description":"Soluciones en pilas, bater\u00edas y componentes electromec\u00e1nicos.","publisher":{"@id":"https:\/\/rmelecom.com\/#organization"},"potentialAction":[{"@type":"SearchAction","target":{"@type":"EntryPoint","urlTemplate":"https:\/\/rmelecom.com\/?s={search_term_string}"},"query-input":{"@type":"PropertyValueSpecification","valueRequired":true,"valueName":"search_term_string"}}],"inLanguage":"en-GB"},{"@type":"Organization","@id":"https:\/\/rmelecom.com\/#organization","name":"RM Electronics Components","url":"https:\/\/rmelecom.com\/","logo":{"@type":"ImageObject","inLanguage":"en-GB","@id":"https:\/\/rmelecom.com\/#\/schema\/logo\/image\/","url":"https:\/\/rmelecom.com\/wp-content\/uploads\/2022\/10\/Mesa-de-trabajo-1.png","contentUrl":"https:\/\/rmelecom.com\/wp-content\/uploads\/2022\/10\/Mesa-de-trabajo-1.png","width":1080,"height":1080,"caption":"RM Electronics Components"},"image":{"@id":"https:\/\/rmelecom.com\/#\/schema\/logo\/image\/"},"sameAs":["https:\/\/www.facebook.com\/profile.php?id=100090814748201"]},{"@type":"Person","@id":"https:\/\/rmelecom.com\/#\/schema\/person\/82e6bca7d501f9a839182bad716ea744","name":"RM-3leCC","image":{"@type":"ImageObject","inLanguage":"en-GB","@id":"https:\/\/secure.gravatar.com\/avatar\/ef0d3c0dd4967469f348b72ec0c48fe5584ba3e095e2ab1484fff2e706339892?s=96&d=mm&r=g","url":"https:\/\/secure.gravatar.com\/avatar\/ef0d3c0dd4967469f348b72ec0c48fe5584ba3e095e2ab1484fff2e706339892?s=96&d=mm&r=g","contentUrl":"https:\/\/secure.gravatar.com\/avatar\/ef0d3c0dd4967469f348b72ec0c48fe5584ba3e095e2ab1484fff2e706339892?s=96&d=mm&r=g","caption":"RM-3leCC"},"sameAs":["http:\/\/rmelecom.com"],"url":"https:\/\/rmelecom.com\/en\/author\/rm-3lecc\/"}]}},"_links":{"self":[{"href":"https:\/\/rmelecom.com\/en\/wp-json\/wp\/v2\/posts\/853","targetHints":{"allow":["GET"]}}],"collection":[{"href":"https:\/\/rmelecom.com\/en\/wp-json\/wp\/v2\/posts"}],"about":[{"href":"https:\/\/rmelecom.com\/en\/wp-json\/wp\/v2\/types\/post"}],"author":[{"embeddable":true,"href":"https:\/\/rmelecom.com\/en\/wp-json\/wp\/v2\/users\/1"}],"replies":[{"embeddable":true,"href":"https:\/\/rmelecom.com\/en\/wp-json\/wp\/v2\/comments?post=853"}],"version-history":[{"count":2,"href":"https:\/\/rmelecom.com\/en\/wp-json\/wp\/v2\/posts\/853\/revisions"}],"predecessor-version":[{"id":865,"href":"https:\/\/rmelecom.com\/en\/wp-json\/wp\/v2\/posts\/853\/revisions\/865"}],"wp:featuredmedia":[{"embeddable":true,"href":"https:\/\/rmelecom.com\/en\/wp-json\/wp\/v2\/media\/854"}],"wp:attachment":[{"href":"https:\/\/rmelecom.com\/en\/wp-json\/wp\/v2\/media?parent=853"}],"wp:term":[{"taxonomy":"category","embeddable":true,"href":"https:\/\/rmelecom.com\/en\/wp-json\/wp\/v2\/categories?post=853"},{"taxonomy":"post_tag","embeddable":true,"href":"https:\/\/rmelecom.com\/en\/wp-json\/wp\/v2\/tags?post=853"}],"curies":[{"name":"wp","href":"https:\/\/api.w.org\/{rel}","templated":true}]}}