{"id":887,"date":"2023-07-14T08:57:23","date_gmt":"2023-07-14T08:57:23","guid":{"rendered":"https:\/\/rmelecom.com\/?p=887"},"modified":"2023-07-14T11:10:40","modified_gmt":"2023-07-14T11:10:40","slug":"desde-1992-al-servicio-de-nuestros-colaboradores","status":"publish","type":"post","link":"https:\/\/rmelecom.com\/en\/desde-1992-al-servicio-de-nuestros-colaboradores\/","title":{"rendered":"Desde 1992 al servicio de nuestros colaboradores"},"content":{"rendered":"<p>Con m\u00e1s de tres d\u00e9cadas de experiencia en el \u00e1mbito de las ferias y exposiciones internacionales, nos hemos consolidado como una empresa con presencia destacada en numerosos stands a lo largo y ancho del mundo.&nbsp;<\/p>\n\n\n\n<p>Durante todos estos a\u00f1os, hemos tenido el privilegio de participar en numerosos eventos, dejando una huella significativa en cada uno de ellos. Nuestro compromiso constante nos ha llevado a recorrer diversos pa\u00edses, establecer valiosas relaciones con clientes y colaboradores estrat\u00e9gicos, y presentar nuestras innovadoras propuestas en diversos rincones del mundo.&nbsp;<\/p>\n\n\n\n<p>Nos enorgullece nuestra amplia experiencia en este \u00e1mbito y seguimos avanzando con determinaci\u00f3n, siendo una referencia s\u00f3lida en el panorama de las bater\u00edas y pilas industriales.<\/p>","protected":false},"excerpt":{"rendered":"<p>Con m\u00e1s de tres d\u00e9cadas de experiencia en el \u00e1mbito de las ferias y exposiciones internacionales, nos hemos consolidado como una empresa con presencia destacada en numerosos stands a lo largo y ancho del mundo.&nbsp; Durante todos estos a\u00f1os, hemos tenido el privilegio de participar en numerosos eventos, dejando una huella significativa en cada uno [&hellip;]<\/p>\n","protected":false},"author":1,"featured_media":889,"comment_status":"closed","ping_status":"open","sticky":false,"template":"","format":"standard","meta":{"_monsterinsights_skip_tracking":false,"_monsterinsights_sitenote_active":false,"_monsterinsights_sitenote_note":"","_monsterinsights_sitenote_category":0,"_joinchat":[],"footnotes":""},"categories":[20],"tags":[],"class_list":["post-887","post","type-post","status-publish","format-standard","has-post-thumbnail","hentry","category-hitos"],"yoast_head":"<!-- This site is optimized with the Yoast SEO Premium plugin v22.2 (Yoast SEO v27.4) - https:\/\/yoast.com\/product\/yoast-seo-premium-wordpress\/ -->\n<title>Desde 1992 al servicio de nuestros colaboradores - RM Electronics Components<\/title>\n<meta name=\"description\" content=\"Seg\u00fan la OMS, la distimia es un tipo de depresi\u00f3n continua y cr\u00f3nica. Sergi Garcia la padece, y ha puesto en marcha un proyecto para dar visibilidad a este trastorno y alejarlo del estigma social que representa para muchas personas.\u00a0\" \/>\n<meta name=\"robots\" content=\"index, follow, max-snippet:-1, max-image-preview:large, max-video-preview:-1\" \/>\n<link rel=\"canonical\" href=\"https:\/\/rmelecom.com\/en\/desde-1992-al-servicio-de-nuestros-colaboradores\/\" \/>\n<meta property=\"og:locale\" content=\"en_GB\" \/>\n<meta property=\"og:type\" content=\"article\" \/>\n<meta property=\"og:title\" content=\"Desde 1992 al servicio de nuestros colaboradores\" \/>\n<meta property=\"og:description\" content=\"Seg\u00fan la OMS, la distimia es un tipo de depresi\u00f3n continua y cr\u00f3nica. Sergi Garcia la padece, y ha puesto en marcha un proyecto para dar visibilidad a este trastorno y alejarlo del estigma social que representa para muchas personas.\u00a0\" \/>\n<meta property=\"og:url\" content=\"https:\/\/rmelecom.com\/en\/desde-1992-al-servicio-de-nuestros-colaboradores\/\" \/>\n<meta property=\"og:site_name\" content=\"RM Electronics Components\" \/>\n<meta property=\"article:publisher\" content=\"https:\/\/www.facebook.com\/profile.php?id=100090814748201\" \/>\n<meta property=\"article:published_time\" content=\"2023-07-14T08:57:23+00:00\" \/>\n<meta property=\"article:modified_time\" content=\"2023-07-14T11:10:40+00:00\" \/>\n<meta property=\"og:image\" content=\"https:\/\/rmelecom.com\/wp-content\/uploads\/2023\/07\/presencia-junio-1-scaled.jpg\" \/>\n\t<meta property=\"og:image:width\" content=\"2560\" \/>\n\t<meta property=\"og:image:height\" content=\"2560\" \/>\n\t<meta property=\"og:image:type\" content=\"image\/jpeg\" \/>\n<meta name=\"author\" content=\"RM-3leCC\" \/>\n<meta name=\"twitter:card\" content=\"summary_large_image\" \/>\n<meta name=\"twitter:label1\" content=\"Written by\" \/>\n\t<meta name=\"twitter:data1\" content=\"RM-3leCC\" \/>\n\t<meta name=\"twitter:label2\" content=\"Est. reading time\" \/>\n\t<meta name=\"twitter:data2\" content=\"1 minute\" \/>\n<script type=\"application\/ld+json\" class=\"yoast-schema-graph\">{\"@context\":\"https:\\\/\\\/schema.org\",\"@graph\":[{\"@type\":\"Article\",\"@id\":\"https:\\\/\\\/rmelecom.com\\\/desde-1992-al-servicio-de-nuestros-colaboradores\\\/#article\",\"isPartOf\":{\"@id\":\"https:\\\/\\\/rmelecom.com\\\/desde-1992-al-servicio-de-nuestros-colaboradores\\\/\"},\"author\":{\"name\":\"RM-3leCC\",\"@id\":\"https:\\\/\\\/rmelecom.com\\\/#\\\/schema\\\/person\\\/82e6bca7d501f9a839182bad716ea744\"},\"headline\":\"Desde 1992 al servicio de nuestros colaboradores\",\"datePublished\":\"2023-07-14T08:57:23+00:00\",\"dateModified\":\"2023-07-14T11:10:40+00:00\",\"mainEntityOfPage\":{\"@id\":\"https:\\\/\\\/rmelecom.com\\\/desde-1992-al-servicio-de-nuestros-colaboradores\\\/\"},\"wordCount\":127,\"publisher\":{\"@id\":\"https:\\\/\\\/rmelecom.com\\\/#organization\"},\"image\":{\"@id\":\"https:\\\/\\\/rmelecom.com\\\/desde-1992-al-servicio-de-nuestros-colaboradores\\\/#primaryimage\"},\"thumbnailUrl\":\"https:\\\/\\\/rmelecom.com\\\/wp-content\\\/uploads\\\/2023\\\/07\\\/presencia-junio-1-scaled.jpg\",\"articleSection\":[\"HITOS\"],\"inLanguage\":\"en-GB\"},{\"@type\":\"WebPage\",\"@id\":\"https:\\\/\\\/rmelecom.com\\\/desde-1992-al-servicio-de-nuestros-colaboradores\\\/\",\"url\":\"https:\\\/\\\/rmelecom.com\\\/desde-1992-al-servicio-de-nuestros-colaboradores\\\/\",\"name\":\"Desde 1992 al servicio de nuestros colaboradores - RM Electronics Components\",\"isPartOf\":{\"@id\":\"https:\\\/\\\/rmelecom.com\\\/#website\"},\"primaryImageOfPage\":{\"@id\":\"https:\\\/\\\/rmelecom.com\\\/desde-1992-al-servicio-de-nuestros-colaboradores\\\/#primaryimage\"},\"image\":{\"@id\":\"https:\\\/\\\/rmelecom.com\\\/desde-1992-al-servicio-de-nuestros-colaboradores\\\/#primaryimage\"},\"thumbnailUrl\":\"https:\\\/\\\/rmelecom.com\\\/wp-content\\\/uploads\\\/2023\\\/07\\\/presencia-junio-1-scaled.jpg\",\"datePublished\":\"2023-07-14T08:57:23+00:00\",\"dateModified\":\"2023-07-14T11:10:40+00:00\",\"description\":\"Seg\u00fan la OMS, la distimia es un tipo de depresi\u00f3n continua y cr\u00f3nica. Sergi Garcia la padece, y ha puesto en marcha un proyecto para dar visibilidad a este trastorno y alejarlo del estigma social que representa para muchas personas.\u00a0\",\"breadcrumb\":{\"@id\":\"https:\\\/\\\/rmelecom.com\\\/desde-1992-al-servicio-de-nuestros-colaboradores\\\/#breadcrumb\"},\"inLanguage\":\"en-GB\",\"potentialAction\":[{\"@type\":\"ReadAction\",\"target\":[\"https:\\\/\\\/rmelecom.com\\\/desde-1992-al-servicio-de-nuestros-colaboradores\\\/\"]}]},{\"@type\":\"ImageObject\",\"inLanguage\":\"en-GB\",\"@id\":\"https:\\\/\\\/rmelecom.com\\\/desde-1992-al-servicio-de-nuestros-colaboradores\\\/#primaryimage\",\"url\":\"https:\\\/\\\/rmelecom.com\\\/wp-content\\\/uploads\\\/2023\\\/07\\\/presencia-junio-1-scaled.jpg\",\"contentUrl\":\"https:\\\/\\\/rmelecom.com\\\/wp-content\\\/uploads\\\/2023\\\/07\\\/presencia-junio-1-scaled.jpg\",\"width\":2560,\"height\":2560},{\"@type\":\"BreadcrumbList\",\"@id\":\"https:\\\/\\\/rmelecom.com\\\/desde-1992-al-servicio-de-nuestros-colaboradores\\\/#breadcrumb\",\"itemListElement\":[{\"@type\":\"ListItem\",\"position\":1,\"name\":\"Portada\",\"item\":\"https:\\\/\\\/rmelecom.com\\\/\"},{\"@type\":\"ListItem\",\"position\":2,\"name\":\"Desde 1992 al servicio de nuestros colaboradores\"}]},{\"@type\":\"WebSite\",\"@id\":\"https:\\\/\\\/rmelecom.com\\\/#website\",\"url\":\"https:\\\/\\\/rmelecom.com\\\/\",\"name\":\"RM Electronics Components\",\"description\":\"Soluciones en pilas, bater\u00edas y componentes electromec\u00e1nicos.\",\"publisher\":{\"@id\":\"https:\\\/\\\/rmelecom.com\\\/#organization\"},\"potentialAction\":[{\"@type\":\"SearchAction\",\"target\":{\"@type\":\"EntryPoint\",\"urlTemplate\":\"https:\\\/\\\/rmelecom.com\\\/?s={search_term_string}\"},\"query-input\":{\"@type\":\"PropertyValueSpecification\",\"valueRequired\":true,\"valueName\":\"search_term_string\"}}],\"inLanguage\":\"en-GB\"},{\"@type\":\"Organization\",\"@id\":\"https:\\\/\\\/rmelecom.com\\\/#organization\",\"name\":\"RM Electronics Components\",\"url\":\"https:\\\/\\\/rmelecom.com\\\/\",\"logo\":{\"@type\":\"ImageObject\",\"inLanguage\":\"en-GB\",\"@id\":\"https:\\\/\\\/rmelecom.com\\\/#\\\/schema\\\/logo\\\/image\\\/\",\"url\":\"https:\\\/\\\/rmelecom.com\\\/wp-content\\\/uploads\\\/2022\\\/10\\\/Mesa-de-trabajo-1.png\",\"contentUrl\":\"https:\\\/\\\/rmelecom.com\\\/wp-content\\\/uploads\\\/2022\\\/10\\\/Mesa-de-trabajo-1.png\",\"width\":1080,\"height\":1080,\"caption\":\"RM Electronics Components\"},\"image\":{\"@id\":\"https:\\\/\\\/rmelecom.com\\\/#\\\/schema\\\/logo\\\/image\\\/\"},\"sameAs\":[\"https:\\\/\\\/www.facebook.com\\\/profile.php?id=100090814748201\"]},{\"@type\":\"Person\",\"@id\":\"https:\\\/\\\/rmelecom.com\\\/#\\\/schema\\\/person\\\/82e6bca7d501f9a839182bad716ea744\",\"name\":\"RM-3leCC\",\"image\":{\"@type\":\"ImageObject\",\"inLanguage\":\"en-GB\",\"@id\":\"https:\\\/\\\/secure.gravatar.com\\\/avatar\\\/ef0d3c0dd4967469f348b72ec0c48fe5584ba3e095e2ab1484fff2e706339892?s=96&d=mm&r=g\",\"url\":\"https:\\\/\\\/secure.gravatar.com\\\/avatar\\\/ef0d3c0dd4967469f348b72ec0c48fe5584ba3e095e2ab1484fff2e706339892?s=96&d=mm&r=g\",\"contentUrl\":\"https:\\\/\\\/secure.gravatar.com\\\/avatar\\\/ef0d3c0dd4967469f348b72ec0c48fe5584ba3e095e2ab1484fff2e706339892?s=96&d=mm&r=g\",\"caption\":\"RM-3leCC\"},\"sameAs\":[\"http:\\\/\\\/rmelecom.com\"],\"url\":\"https:\\\/\\\/rmelecom.com\\\/en\\\/author\\\/rm-3lecc\\\/\"}]}<\/script>\n<!-- \/ Yoast SEO Premium plugin. -->","yoast_head_json":{"title":"Desde 1992 al servicio de nuestros colaboradores - RM Electronics Components","description":"Seg\u00fan la OMS, la distimia es un tipo de depresi\u00f3n continua y cr\u00f3nica. Sergi Garcia la padece, y ha puesto en marcha un proyecto para dar visibilidad a este trastorno y alejarlo del estigma social que representa para muchas personas.\u00a0","robots":{"index":"index","follow":"follow","max-snippet":"max-snippet:-1","max-image-preview":"max-image-preview:large","max-video-preview":"max-video-preview:-1"},"canonical":"https:\/\/rmelecom.com\/en\/desde-1992-al-servicio-de-nuestros-colaboradores\/","og_locale":"en_GB","og_type":"article","og_title":"Desde 1992 al servicio de nuestros colaboradores","og_description":"Seg\u00fan la OMS, la distimia es un tipo de depresi\u00f3n continua y cr\u00f3nica. Sergi Garcia la padece, y ha puesto en marcha un proyecto para dar visibilidad a este trastorno y alejarlo del estigma social que representa para muchas personas.\u00a0","og_url":"https:\/\/rmelecom.com\/en\/desde-1992-al-servicio-de-nuestros-colaboradores\/","og_site_name":"RM Electronics Components","article_publisher":"https:\/\/www.facebook.com\/profile.php?id=100090814748201","article_published_time":"2023-07-14T08:57:23+00:00","article_modified_time":"2023-07-14T11:10:40+00:00","og_image":[{"width":2560,"height":2560,"url":"https:\/\/rmelecom.com\/wp-content\/uploads\/2023\/07\/presencia-junio-1-scaled.jpg","type":"image\/jpeg"}],"author":"RM-3leCC","twitter_card":"summary_large_image","twitter_misc":{"Written by":"RM-3leCC","Est. reading time":"1 minute"},"schema":{"@context":"https:\/\/schema.org","@graph":[{"@type":"Article","@id":"https:\/\/rmelecom.com\/desde-1992-al-servicio-de-nuestros-colaboradores\/#article","isPartOf":{"@id":"https:\/\/rmelecom.com\/desde-1992-al-servicio-de-nuestros-colaboradores\/"},"author":{"name":"RM-3leCC","@id":"https:\/\/rmelecom.com\/#\/schema\/person\/82e6bca7d501f9a839182bad716ea744"},"headline":"Desde 1992 al servicio de nuestros colaboradores","datePublished":"2023-07-14T08:57:23+00:00","dateModified":"2023-07-14T11:10:40+00:00","mainEntityOfPage":{"@id":"https:\/\/rmelecom.com\/desde-1992-al-servicio-de-nuestros-colaboradores\/"},"wordCount":127,"publisher":{"@id":"https:\/\/rmelecom.com\/#organization"},"image":{"@id":"https:\/\/rmelecom.com\/desde-1992-al-servicio-de-nuestros-colaboradores\/#primaryimage"},"thumbnailUrl":"https:\/\/rmelecom.com\/wp-content\/uploads\/2023\/07\/presencia-junio-1-scaled.jpg","articleSection":["HITOS"],"inLanguage":"en-GB"},{"@type":"WebPage","@id":"https:\/\/rmelecom.com\/desde-1992-al-servicio-de-nuestros-colaboradores\/","url":"https:\/\/rmelecom.com\/desde-1992-al-servicio-de-nuestros-colaboradores\/","name":"Desde 1992 al servicio de nuestros colaboradores - RM Electronics Components","isPartOf":{"@id":"https:\/\/rmelecom.com\/#website"},"primaryImageOfPage":{"@id":"https:\/\/rmelecom.com\/desde-1992-al-servicio-de-nuestros-colaboradores\/#primaryimage"},"image":{"@id":"https:\/\/rmelecom.com\/desde-1992-al-servicio-de-nuestros-colaboradores\/#primaryimage"},"thumbnailUrl":"https:\/\/rmelecom.com\/wp-content\/uploads\/2023\/07\/presencia-junio-1-scaled.jpg","datePublished":"2023-07-14T08:57:23+00:00","dateModified":"2023-07-14T11:10:40+00:00","description":"Seg\u00fan la OMS, la distimia es un tipo de depresi\u00f3n continua y cr\u00f3nica. Sergi Garcia la padece, y ha puesto en marcha un proyecto para dar visibilidad a este trastorno y alejarlo del estigma social que representa para muchas personas.\u00a0","breadcrumb":{"@id":"https:\/\/rmelecom.com\/desde-1992-al-servicio-de-nuestros-colaboradores\/#breadcrumb"},"inLanguage":"en-GB","potentialAction":[{"@type":"ReadAction","target":["https:\/\/rmelecom.com\/desde-1992-al-servicio-de-nuestros-colaboradores\/"]}]},{"@type":"ImageObject","inLanguage":"en-GB","@id":"https:\/\/rmelecom.com\/desde-1992-al-servicio-de-nuestros-colaboradores\/#primaryimage","url":"https:\/\/rmelecom.com\/wp-content\/uploads\/2023\/07\/presencia-junio-1-scaled.jpg","contentUrl":"https:\/\/rmelecom.com\/wp-content\/uploads\/2023\/07\/presencia-junio-1-scaled.jpg","width":2560,"height":2560},{"@type":"BreadcrumbList","@id":"https:\/\/rmelecom.com\/desde-1992-al-servicio-de-nuestros-colaboradores\/#breadcrumb","itemListElement":[{"@type":"ListItem","position":1,"name":"Portada","item":"https:\/\/rmelecom.com\/"},{"@type":"ListItem","position":2,"name":"Desde 1992 al servicio de nuestros colaboradores"}]},{"@type":"WebSite","@id":"https:\/\/rmelecom.com\/#website","url":"https:\/\/rmelecom.com\/","name":"RM Electronics Components","description":"Soluciones en pilas, bater\u00edas y componentes electromec\u00e1nicos.","publisher":{"@id":"https:\/\/rmelecom.com\/#organization"},"potentialAction":[{"@type":"SearchAction","target":{"@type":"EntryPoint","urlTemplate":"https:\/\/rmelecom.com\/?s={search_term_string}"},"query-input":{"@type":"PropertyValueSpecification","valueRequired":true,"valueName":"search_term_string"}}],"inLanguage":"en-GB"},{"@type":"Organization","@id":"https:\/\/rmelecom.com\/#organization","name":"RM Electronics Components","url":"https:\/\/rmelecom.com\/","logo":{"@type":"ImageObject","inLanguage":"en-GB","@id":"https:\/\/rmelecom.com\/#\/schema\/logo\/image\/","url":"https:\/\/rmelecom.com\/wp-content\/uploads\/2022\/10\/Mesa-de-trabajo-1.png","contentUrl":"https:\/\/rmelecom.com\/wp-content\/uploads\/2022\/10\/Mesa-de-trabajo-1.png","width":1080,"height":1080,"caption":"RM Electronics Components"},"image":{"@id":"https:\/\/rmelecom.com\/#\/schema\/logo\/image\/"},"sameAs":["https:\/\/www.facebook.com\/profile.php?id=100090814748201"]},{"@type":"Person","@id":"https:\/\/rmelecom.com\/#\/schema\/person\/82e6bca7d501f9a839182bad716ea744","name":"RM-3leCC","image":{"@type":"ImageObject","inLanguage":"en-GB","@id":"https:\/\/secure.gravatar.com\/avatar\/ef0d3c0dd4967469f348b72ec0c48fe5584ba3e095e2ab1484fff2e706339892?s=96&d=mm&r=g","url":"https:\/\/secure.gravatar.com\/avatar\/ef0d3c0dd4967469f348b72ec0c48fe5584ba3e095e2ab1484fff2e706339892?s=96&d=mm&r=g","contentUrl":"https:\/\/secure.gravatar.com\/avatar\/ef0d3c0dd4967469f348b72ec0c48fe5584ba3e095e2ab1484fff2e706339892?s=96&d=mm&r=g","caption":"RM-3leCC"},"sameAs":["http:\/\/rmelecom.com"],"url":"https:\/\/rmelecom.com\/en\/author\/rm-3lecc\/"}]}},"_links":{"self":[{"href":"https:\/\/rmelecom.com\/en\/wp-json\/wp\/v2\/posts\/887","targetHints":{"allow":["GET"]}}],"collection":[{"href":"https:\/\/rmelecom.com\/en\/wp-json\/wp\/v2\/posts"}],"about":[{"href":"https:\/\/rmelecom.com\/en\/wp-json\/wp\/v2\/types\/post"}],"author":[{"embeddable":true,"href":"https:\/\/rmelecom.com\/en\/wp-json\/wp\/v2\/users\/1"}],"replies":[{"embeddable":true,"href":"https:\/\/rmelecom.com\/en\/wp-json\/wp\/v2\/comments?post=887"}],"version-history":[{"count":1,"href":"https:\/\/rmelecom.com\/en\/wp-json\/wp\/v2\/posts\/887\/revisions"}],"predecessor-version":[{"id":888,"href":"https:\/\/rmelecom.com\/en\/wp-json\/wp\/v2\/posts\/887\/revisions\/888"}],"wp:featuredmedia":[{"embeddable":true,"href":"https:\/\/rmelecom.com\/en\/wp-json\/wp\/v2\/media\/889"}],"wp:attachment":[{"href":"https:\/\/rmelecom.com\/en\/wp-json\/wp\/v2\/media?parent=887"}],"wp:term":[{"taxonomy":"category","embeddable":true,"href":"https:\/\/rmelecom.com\/en\/wp-json\/wp\/v2\/categories?post=887"},{"taxonomy":"post_tag","embeddable":true,"href":"https:\/\/rmelecom.com\/en\/wp-json\/wp\/v2\/tags?post=887"}],"curies":[{"name":"wp","href":"https:\/\/api.w.org\/{rel}","templated":true}]}}